{"id":293,"date":"2023-05-17T17:06:17","date_gmt":"2023-05-17T15:06:17","guid":{"rendered":"http:\/\/www.putkiradiomuseo.fi\/PRT\/?p=293"},"modified":"2023-05-17T17:06:17","modified_gmt":"2023-05-17T15:06:17","slug":"prt-36","status":"publish","type":"post","link":"http:\/\/www.putkiradiomuseo.fi\/PRT\/uncategorized\/prt-36\/","title":{"rendered":"PRT 36"},"content":{"rendered":"\n<p>Perinneradiotapahtuma PRT36<\/p>\n\n\n\n<p>PRT36-tapahtuma j\u00e4rjestet\u00e4\u00e4n sunnuntaina 4.6.2023. Kyseess\u00e4 ei ole kilpailu, vaan kunnioitus vanhoja,<br>yli 40-vuotiaita, veteraaniradioita ja niit\u00e4 k\u00e4ytt\u00e4neit\u00e4 radioveteraaneja kohtaan. Tapahtuma on<br>vapaamuotoinen ilman johtoasemaa.<\/p>\n\n\n\n<p>Tapahtuma-ajat ja modet: CW: kello 08.00\u201310.00 ja kello 12.00\u201314.00 SA<br>AM: kello 10.00\u201312.00 ja 14.00\u201316.00 SA<br>Taajuusalueet: CW: 3510\u20133590 kHz ja 7020\u20137040 kHz<br>AM: 3610\u20133770 kHz ja 7060\u20137080 kHz.<\/p>\n\n\n\n<p>Suositus on, ett\u00e4 alle viiden watin teholla l\u00e4hett\u00e4v\u00e4t perinneradioasemat sijoittuvat k\u00e4ytetyn<br>taajuusalueen alkup\u00e4\u00e4h\u00e4n ja suurempi tehoiset loppup\u00e4\u00e4h\u00e4n.<br>Perinneradioasema voi k\u00e4ytt\u00e4\u00e4 asematunnuksen j\u00e4ljess\u00e4 lis\u00e4osaa \/S. Mik\u00e4li laitetyyppi on ollut<br>palvelusk\u00e4yt\u00f6ss\u00e4 jo toisen maailmansodan aikana, lis\u00e4tunnuksena voi olla \/SA.<br>Vasta-asemina kaikki radioamat\u00f6\u00f6riasemat, laitekannasta riippumatta, ovat tervetulleita mukaan. My\u00f6s<br>OI-asemia toivotaan mukaan runsaslukuisesti.<br>Ty\u00f6skentelytarinat ja kuvat voi l\u00e4hett\u00e4\u00e4 Karille, OH5YW, s\u00e4hk\u00f6postiosoitteeseen<br>kari.syrjanen@gmail.com. Yhteenvedot julkaistaan tapahtuman j\u00e4lkeen osoitteessa:<br>http:\/\/www.putkiradiomuseo.fi\/PRT\/<\/p>\n","protected":false},"excerpt":{"rendered":"<p>Perinneradiotapahtuma PRT36 PRT36-tapahtuma j\u00e4rjestet\u00e4\u00e4n sunnuntaina 4.6.2023. Kyseess\u00e4 ei ole kilpailu, vaan kunnioitus vanhoja,yli 40-vuotiaita, veteraaniradioita ja niit\u00e4 k\u00e4ytt\u00e4neit\u00e4 radioveteraaneja kohtaan. Tapahtuma onvapaamuotoinen ilman johtoasemaa. Tapahtuma-ajat ja modet: CW: kello 08.00\u201310.00 ja kello 12.00\u201314.00 SAAM: kello 10.00\u201312.00 ja 14.00\u201316.00 SATaajuusalueet: CW: 3510\u20133590 kHz ja 7020\u20137040 kHzAM: 3610\u20133770 kHz ja 7060\u20137080 kHz. Suositus on, ett\u00e4 alle viiden [&hellip;]<\/p>\n","protected":false},"author":1,"featured_media":0,"comment_status":"closed","ping_status":"closed","sticky":false,"template":"","format":"standard","meta":[],"categories":[1],"tags":[],"_links":{"self":[{"href":"http:\/\/www.putkiradiomuseo.fi\/PRT\/wp-json\/wp\/v2\/posts\/293"}],"collection":[{"href":"http:\/\/www.putkiradiomuseo.fi\/PRT\/wp-json\/wp\/v2\/posts"}],"about":[{"href":"http:\/\/www.putkiradiomuseo.fi\/PRT\/wp-json\/wp\/v2\/types\/post"}],"author":[{"embeddable":true,"href":"http:\/\/www.putkiradiomuseo.fi\/PRT\/wp-json\/wp\/v2\/users\/1"}],"replies":[{"embeddable":true,"href":"http:\/\/www.putkiradiomuseo.fi\/PRT\/wp-json\/wp\/v2\/comments?post=293"}],"version-history":[{"count":1,"href":"http:\/\/www.putkiradiomuseo.fi\/PRT\/wp-json\/wp\/v2\/posts\/293\/revisions"}],"predecessor-version":[{"id":294,"href":"http:\/\/www.putkiradiomuseo.fi\/PRT\/wp-json\/wp\/v2\/posts\/293\/revisions\/294"}],"wp:attachment":[{"href":"http:\/\/www.putkiradiomuseo.fi\/PRT\/wp-json\/wp\/v2\/media?parent=293"}],"wp:term":[{"taxonomy":"category","embeddable":true,"href":"http:\/\/www.putkiradiomuseo.fi\/PRT\/wp-json\/wp\/v2\/categories?post=293"},{"taxonomy":"post_tag","embeddable":true,"href":"http:\/\/www.putkiradiomuseo.fi\/PRT\/wp-json\/wp\/v2\/tags?post=293"}],"curies":[{"name":"wp","href":"https:\/\/api.w.org\/{rel}","templated":true}]}}