{"id":269,"date":"2021-05-24T08:35:30","date_gmt":"2021-05-24T06:35:30","guid":{"rendered":"http:\/\/www.putkiradiomuseo.fi\/PRT\/?p=269"},"modified":"2021-05-24T08:35:30","modified_gmt":"2021-05-24T06:35:30","slug":"prt32","status":"publish","type":"post","link":"http:\/\/www.putkiradiomuseo.fi\/PRT\/uncategorized\/prt32\/","title":{"rendered":"PRT32"},"content":{"rendered":"<p><a href=\"http:\/\/www.putkiradiomuseo.fi\/PRT\/wp-content\/uploads\/2021\/05\/prt32.png\"><img decoding=\"async\" loading=\"lazy\" class=\"alignnone size-medium wp-image-270\" src=\"http:\/\/www.putkiradiomuseo.fi\/PRT\/wp-content\/uploads\/2021\/05\/prt32-300x300.png\" alt=\"prt32\" width=\"300\" height=\"300\" srcset=\"http:\/\/www.putkiradiomuseo.fi\/PRT\/wp-content\/uploads\/2021\/05\/prt32-300x300.png 300w, http:\/\/www.putkiradiomuseo.fi\/PRT\/wp-content\/uploads\/2021\/05\/prt32-150x150.png 150w, http:\/\/www.putkiradiomuseo.fi\/PRT\/wp-content\/uploads\/2021\/05\/prt32.png 640w\" sizes=\"(max-width: 300px) 100vw, 300px\" \/><\/a><\/p>\n<p>Perinneradiotapahtuma PRT32<br \/>\nPRT 32-tapahtuma j\u00e4rjestet\u00e4\u00e4n lauantaina 5.6.2021. Tapahtuma ei ole kilpailu, vaan kunnioitus vanhoja, yli 40-vuotiaita, veteraaniradioita ja niit\u00e4 k\u00e4ytt\u00e4neit\u00e4 radioveteraaneja kohtaan. Tapahtuma on vapaamuotoinen ilman johtoasemaa.<br \/>\nTapahtuma-ajat ja modet: CW: kello 08.00\u201310.00 ja kello 12.00\u201314.00 SA<br \/>\nAM: kello 10.00\u201312.00 ja 14.00\u201316.00 SA<br \/>\nTaajuusalueet: CW: 3510\u20133590 kHz ja 7020\u20137040 kHz<br \/>\nAM: 3610\u20133770 kHz ja 7060\u20137080 kHz.<br \/>\nSuositus on, ett\u00e4 alle viiden watin teholla l\u00e4hett\u00e4v\u00e4t perinneradioasemat sijoittuvat k\u00e4ytetyn taajuusalueen alkup\u00e4\u00e4h\u00e4n ja suurempi tehoiset loppup\u00e4\u00e4h\u00e4n.<br \/>\nPerinneradioasema voi k\u00e4ytt\u00e4\u00e4 asematunnuksen j\u00e4ljess\u00e4 lis\u00e4osaa \/S. Mik\u00e4li laitetyyppi on ollut palvelusk\u00e4yt\u00f6ss\u00e4 jo toisen maailmansodan aikana, lis\u00e4tunnuksena voi olla \/SA.<br \/>\nVasta-asemina kaikki radioamat\u00f6\u00f6riasemat, laitekannasta riippumatta, ovat tervetulleita mukaan. My\u00f6s OI-asemia toivotaan mukaan runsaslukuisesti.<br \/>\nLaitteita voitaisiin kokeilla lauantaina 29.5 klo 10 alkaen CW 3556KHz ja AM klo12 3720KHz.<br \/>\nTy\u00f6skentelytarinat ja kuvat voi l\u00e4hett\u00e4\u00e4 Karille, OH5YW, s\u00e4hk\u00f6postiosoitteeseen kari.syrjanen@gmail.com. Yhteenvedot julkaistaan tapahtuman j\u00e4lkeen. Lis\u00e4tiedot http:\/\/www.putkiradiomuseo.fi\/PRT\/<\/p>\n","protected":false},"excerpt":{"rendered":"<p>Perinneradiotapahtuma PRT32 PRT 32-tapahtuma j\u00e4rjestet\u00e4\u00e4n lauantaina 5.6.2021. Tapahtuma ei ole kilpailu, vaan kunnioitus vanhoja, yli 40-vuotiaita, veteraaniradioita ja niit\u00e4 k\u00e4ytt\u00e4neit\u00e4 radioveteraaneja kohtaan. Tapahtuma on vapaamuotoinen ilman johtoasemaa. Tapahtuma-ajat ja modet: CW: kello 08.00\u201310.00 ja kello 12.00\u201314.00 SA AM: kello 10.00\u201312.00 ja 14.00\u201316.00 SA Taajuusalueet: CW: 3510\u20133590 kHz ja 7020\u20137040 kHz AM: 3610\u20133770 kHz ja 7060\u20137080 [&hellip;]<\/p>\n","protected":false},"author":1,"featured_media":0,"comment_status":"closed","ping_status":"closed","sticky":false,"template":"","format":"standard","meta":[],"categories":[1],"tags":[],"_links":{"self":[{"href":"http:\/\/www.putkiradiomuseo.fi\/PRT\/wp-json\/wp\/v2\/posts\/269"}],"collection":[{"href":"http:\/\/www.putkiradiomuseo.fi\/PRT\/wp-json\/wp\/v2\/posts"}],"about":[{"href":"http:\/\/www.putkiradiomuseo.fi\/PRT\/wp-json\/wp\/v2\/types\/post"}],"author":[{"embeddable":true,"href":"http:\/\/www.putkiradiomuseo.fi\/PRT\/wp-json\/wp\/v2\/users\/1"}],"replies":[{"embeddable":true,"href":"http:\/\/www.putkiradiomuseo.fi\/PRT\/wp-json\/wp\/v2\/comments?post=269"}],"version-history":[{"count":1,"href":"http:\/\/www.putkiradiomuseo.fi\/PRT\/wp-json\/wp\/v2\/posts\/269\/revisions"}],"predecessor-version":[{"id":271,"href":"http:\/\/www.putkiradiomuseo.fi\/PRT\/wp-json\/wp\/v2\/posts\/269\/revisions\/271"}],"wp:attachment":[{"href":"http:\/\/www.putkiradiomuseo.fi\/PRT\/wp-json\/wp\/v2\/media?parent=269"}],"wp:term":[{"taxonomy":"category","embeddable":true,"href":"http:\/\/www.putkiradiomuseo.fi\/PRT\/wp-json\/wp\/v2\/categories?post=269"},{"taxonomy":"post_tag","embeddable":true,"href":"http:\/\/www.putkiradiomuseo.fi\/PRT\/wp-json\/wp\/v2\/tags?post=269"}],"curies":[{"name":"wp","href":"https:\/\/api.w.org\/{rel}","templated":true}]}}