{"id":194,"date":"2016-10-03T16:03:22","date_gmt":"2016-10-03T14:03:22","guid":{"rendered":"http:\/\/www.putkiradiomuseo.fi\/PRT\/?p=194"},"modified":"2016-10-03T16:03:22","modified_gmt":"2016-10-03T14:03:22","slug":"prt23-itsenaisyyspaivana-6-12-2016","status":"publish","type":"post","link":"http:\/\/www.putkiradiomuseo.fi\/PRT\/uncategorized\/prt23-itsenaisyyspaivana-6-12-2016\/","title":{"rendered":"PRT23 itsen\u00e4isyysp\u00e4iv\u00e4n\u00e4 6.12.2016"},"content":{"rendered":"<p><a href=\"http:\/\/www.putkiradiomuseo.fi\/PRT\/wp-content\/uploads\/2015\/02\/logo.jpg\"><img decoding=\"async\" loading=\"lazy\" class=\" size-full wp-image-18 alignleft\" src=\"http:\/\/www.putkiradiomuseo.fi\/PRT\/wp-content\/uploads\/2015\/02\/logo.jpg\" alt=\"logo\" width=\"75\" height=\"171\" \/><\/a><\/p>\n<p>&nbsp;<\/p>\n<p>J\u00e4rjestyksess\u00e4\u00e4n 23. perinneradiotapahtuma j\u00e4rjestet\u00e4\u00e4n tiistaina 6.12.2016. Perinneradiotapahtuma ei ole kilpailu, vaan kunnioitus vanhoja &#8211; yli 40v &#8211; veteraaniradioita ja niit\u00e4 k\u00e4ytt\u00e4neit\u00e4 radioveteraaneja kohtaan. Tapahtuma on vapaamuotoinen ilman johtoasemaa.<\/p>\n<p>&nbsp;<\/p>\n<p>Tapahtuma-ajat ja -modet:<\/p>\n<p>CW:\u00a0\u00a0\u00a0\u00a0\u00a0\u00a0\u00a0\u00a0\u00a0\u00a0\u00a0\u00a0\u00a0 08.00-10.00 ja 12.00-14.00 SA\u00a0\u00a0\u00a0\u00a0\u00a0\u00a0\u00a0\u00a0\u00a0\u00a0\u00a0\u00a0\u00a0\u00a0\u00a0 AM:\u00a0\u00a0\u00a0\u00a0\u00a0\u00a0\u00a0\u00a0\u00a0\u00a0\u00a0\u00a0\u00a0 10.00-12.00 ja 14.00-16.00 SA<\/p>\n<p>Taajuusalueet:<\/p>\n<p>CW: 3510-3590 kHz ja 7020-7040 kHz\u00a0 AM: 3610-3770 kHz ja 7060-7080 kHz<\/p>\n<p>Suositellaan, ett\u00e4 pienitehoiset perinneradioasemat (&lt;5W) sijoittautuisivat PRT:ss\u00e4 k\u00e4ytetyn taajuusalueen alkup\u00e4\u00e4h\u00e4n ja suurempi tehoiset loppup\u00e4\u00e4h\u00e4n. Tapahtumaan osallistuessaan perinneradioasema voi k\u00e4ytt\u00e4\u00e4 asematunnuksen j\u00e4lkeen liitetty\u00e4 lis\u00e4osaa \/S ja mik\u00e4li laitetyyppi on ollut palvelusk\u00e4yt\u00f6ss\u00e4 jo toisen maailmansodan aikana lis\u00e4tunnuksena voi olla \/SA.<\/p>\n<p>Vasta-asemina kaikki radioamat\u00f6\u00f6riasemat, laitekannasta riippumatta ovat tervetulleita mukaan!<\/p>\n<p>Mahdolliset ty\u00f6skentelytarinat ja kuvat osoitteeseen <a href=\"mailto:oh5yw@outlook.com\">oh5yw@outlook.com<\/a> tapahtuman j\u00e4lkeen. Yhteenveto julkaistaan kahden viikon p\u00e4\u00e4st\u00e4 tapahtuman j\u00e4lkeen.<\/p>\n<p>&nbsp;<\/p>\n","protected":false},"excerpt":{"rendered":"<p>&nbsp; J\u00e4rjestyksess\u00e4\u00e4n 23. perinneradiotapahtuma j\u00e4rjestet\u00e4\u00e4n tiistaina 6.12.2016. Perinneradiotapahtuma ei ole kilpailu, vaan kunnioitus vanhoja &#8211; yli 40v &#8211; veteraaniradioita ja niit\u00e4 k\u00e4ytt\u00e4neit\u00e4 radioveteraaneja kohtaan. Tapahtuma on vapaamuotoinen ilman johtoasemaa. &nbsp; Tapahtuma-ajat ja -modet: CW:\u00a0\u00a0\u00a0\u00a0\u00a0\u00a0\u00a0\u00a0\u00a0\u00a0\u00a0\u00a0\u00a0 08.00-10.00 ja 12.00-14.00 SA\u00a0\u00a0\u00a0\u00a0\u00a0\u00a0\u00a0\u00a0\u00a0\u00a0\u00a0\u00a0\u00a0\u00a0\u00a0 AM:\u00a0\u00a0\u00a0\u00a0\u00a0\u00a0\u00a0\u00a0\u00a0\u00a0\u00a0\u00a0\u00a0 10.00-12.00 ja 14.00-16.00 SA Taajuusalueet: CW: 3510-3590 kHz ja 7020-7040 kHz\u00a0 AM: 3610-3770 kHz ja 7060-7080 [&hellip;]<\/p>\n","protected":false},"author":1,"featured_media":0,"comment_status":"open","ping_status":"open","sticky":false,"template":"","format":"standard","meta":[],"categories":[1],"tags":[],"_links":{"self":[{"href":"http:\/\/www.putkiradiomuseo.fi\/PRT\/wp-json\/wp\/v2\/posts\/194"}],"collection":[{"href":"http:\/\/www.putkiradiomuseo.fi\/PRT\/wp-json\/wp\/v2\/posts"}],"about":[{"href":"http:\/\/www.putkiradiomuseo.fi\/PRT\/wp-json\/wp\/v2\/types\/post"}],"author":[{"embeddable":true,"href":"http:\/\/www.putkiradiomuseo.fi\/PRT\/wp-json\/wp\/v2\/users\/1"}],"replies":[{"embeddable":true,"href":"http:\/\/www.putkiradiomuseo.fi\/PRT\/wp-json\/wp\/v2\/comments?post=194"}],"version-history":[{"count":1,"href":"http:\/\/www.putkiradiomuseo.fi\/PRT\/wp-json\/wp\/v2\/posts\/194\/revisions"}],"predecessor-version":[{"id":195,"href":"http:\/\/www.putkiradiomuseo.fi\/PRT\/wp-json\/wp\/v2\/posts\/194\/revisions\/195"}],"wp:attachment":[{"href":"http:\/\/www.putkiradiomuseo.fi\/PRT\/wp-json\/wp\/v2\/media?parent=194"}],"wp:term":[{"taxonomy":"category","embeddable":true,"href":"http:\/\/www.putkiradiomuseo.fi\/PRT\/wp-json\/wp\/v2\/categories?post=194"},{"taxonomy":"post_tag","embeddable":true,"href":"http:\/\/www.putkiradiomuseo.fi\/PRT\/wp-json\/wp\/v2\/tags?post=194"}],"curies":[{"name":"wp","href":"https:\/\/api.w.org\/{rel}","templated":true}]}}